{"id":777,"date":"2020-06-30T17:08:40","date_gmt":"2020-06-30T15:08:40","guid":{"rendered":"https:\/\/onyxdevelopment.pl\/targowa3\/?p=777"},"modified":"2020-07-29T17:09:28","modified_gmt":"2020-07-29T15:09:28","slug":"ostatnie-szlify-w-zagospodarowaniu-zewnetrznym","status":"publish","type":"post","link":"https:\/\/onyxdevelopment.pl\/targowa3\/ostatnie-szlify-w-zagospodarowaniu-zewnetrznym\/","title":{"rendered":"Ostatnie szlify w zagospodarowaniu zewn\u0119trznym"},"content":{"rendered":"<p>Zako\u0144czony zosta\u0142 etap nasadze\u0144 zieleni oraz wy\u0142o\u017cenia kamieniem ozdobnym przyleg\u0142ych stref.<\/p>\n<p>Postawili\u015bmy na kwitn\u0105ce ro\u015bliny wieloletnie, jak hortensje, hosty oraz sza\u0142wi\u0119. Ich uzupe\u0142nieniem sta\u0142y si\u0119 kuliste tuje, platany oraz \u015bwierki serbskie.<\/p>\n<p>Czekamy na pierwsze, kwitn\u0105ce jeszcze w tym sezonie, okazy.<\/p>\n<p>&nbsp;<\/p>\n","protected":false},"excerpt":{"rendered":"<p>Zako\u0144czony zosta\u0142 etap nasadze\u0144 zieleni oraz wy\u0142o\u017cenia kamieniem ozdobnym przyleg\u0142ych stref. Postawili\u015bmy na kwitn\u0105ce ro\u015bliny wieloletnie, jak hortensje, hosty oraz sza\u0142wi\u0119. Ich uzupe\u0142nieniem sta\u0142y si\u0119 kuliste tuje, platany oraz \u015bwierki serbskie. Czekamy na pierwsze, kwitn\u0105ce jeszcze w tym sezonie, okazy. &nbsp;<\/p>\n","protected":false},"author":2,"featured_media":778,"comment_status":"closed","ping_status":"closed","sticky":false,"template":"","format":"standard","meta":{"footnotes":""},"categories":[1],"tags":[],"class_list":["post-777","post","type-post","status-publish","format-standard","has-post-thumbnail","hentry","category-bez-kategorii"],"yoast_head":"<!-- This site is optimized with the Yoast SEO plugin v24.5 - https:\/\/yoast.com\/wordpress\/plugins\/seo\/ -->\n<title>Ostatnie szlify w zagospodarowaniu zewn\u0119trznym - Targowa 3<\/title>\n<meta name=\"robots\" content=\"index, follow, max-snippet:-1, max-image-preview:large, max-video-preview:-1\" \/>\n<link rel=\"canonical\" href=\"https:\/\/onyxdevelopment.pl\/targowa3\/ostatnie-szlify-w-zagospodarowaniu-zewnetrznym\/\" \/>\n<meta property=\"og:locale\" content=\"pl_PL\" \/>\n<meta property=\"og:type\" content=\"article\" \/>\n<meta property=\"og:title\" content=\"Ostatnie szlify w zagospodarowaniu zewn\u0119trznym - Targowa 3\" \/>\n<meta property=\"og:description\" content=\"Zako\u0144czony zosta\u0142 etap nasadze\u0144 zieleni oraz wy\u0142o\u017cenia kamieniem ozdobnym przyleg\u0142ych stref. Postawili\u015bmy na kwitn\u0105ce ro\u015bliny wieloletnie, jak hortensje, hosty oraz sza\u0142wi\u0119. Ich uzupe\u0142nieniem sta\u0142y si\u0119 kuliste tuje, platany oraz \u015bwierki serbskie. Czekamy na pierwsze, kwitn\u0105ce jeszcze w tym sezonie, okazy. &nbsp;\" \/>\n<meta property=\"og:url\" content=\"https:\/\/onyxdevelopment.pl\/targowa3\/ostatnie-szlify-w-zagospodarowaniu-zewnetrznym\/\" \/>\n<meta property=\"og:site_name\" content=\"Targowa 3\" \/>\n<meta property=\"article:publisher\" content=\"https:\/\/www.facebook.com\/onyxdevelopment\/\" \/>\n<meta property=\"article:published_time\" content=\"2020-06-30T15:08:40+00:00\" \/>\n<meta property=\"article:modified_time\" content=\"2020-07-29T15:09:28+00:00\" \/>\n<meta property=\"og:image\" content=\"https:\/\/onyxdevelopment.pl\/targowa3\/wp-content\/uploads\/2020\/07\/4.png\" \/>\n\t<meta property=\"og:image:width\" content=\"350\" \/>\n\t<meta property=\"og:image:height\" content=\"350\" \/>\n\t<meta property=\"og:image:type\" content=\"image\/png\" \/>\n<meta name=\"author\" content=\"Marcin Podmok\u0142y\" \/>\n<meta name=\"twitter:card\" content=\"summary_large_image\" \/>\n<meta name=\"twitter:label1\" content=\"Napisane przez\" \/>\n\t<meta name=\"twitter:data1\" content=\"Marcin Podmok\u0142y\" \/>\n<script type=\"application\/ld+json\" class=\"yoast-schema-graph\">{\"@context\":\"https:\/\/schema.org\",\"@graph\":[{\"@type\":\"Article\",\"@id\":\"https:\/\/onyxdevelopment.pl\/targowa3\/ostatnie-szlify-w-zagospodarowaniu-zewnetrznym\/#article\",\"isPartOf\":{\"@id\":\"https:\/\/onyxdevelopment.pl\/targowa3\/ostatnie-szlify-w-zagospodarowaniu-zewnetrznym\/\"},\"author\":{\"name\":\"Marcin Podmok\u0142y\",\"@id\":\"https:\/\/onyxdevelopment.pl\/targowa3\/#\/schema\/person\/b230f4349882e0892f554d6c6203cf3a\"},\"headline\":\"Ostatnie szlify w zagospodarowaniu zewn\u0119trznym\",\"datePublished\":\"2020-06-30T15:08:40+00:00\",\"dateModified\":\"2020-07-29T15:09:28+00:00\",\"mainEntityOfPage\":{\"@id\":\"https:\/\/onyxdevelopment.pl\/targowa3\/ostatnie-szlify-w-zagospodarowaniu-zewnetrznym\/\"},\"wordCount\":58,\"publisher\":{\"@id\":\"https:\/\/onyxdevelopment.pl\/targowa3\/#organization\"},\"image\":{\"@id\":\"https:\/\/onyxdevelopment.pl\/targowa3\/ostatnie-szlify-w-zagospodarowaniu-zewnetrznym\/#primaryimage\"},\"thumbnailUrl\":\"https:\/\/onyxdevelopment.pl\/targowa3\/wp-content\/uploads\/2020\/07\/4.png\",\"inLanguage\":\"pl-PL\"},{\"@type\":\"WebPage\",\"@id\":\"https:\/\/onyxdevelopment.pl\/targowa3\/ostatnie-szlify-w-zagospodarowaniu-zewnetrznym\/\",\"url\":\"https:\/\/onyxdevelopment.pl\/targowa3\/ostatnie-szlify-w-zagospodarowaniu-zewnetrznym\/\",\"name\":\"Ostatnie szlify w zagospodarowaniu zewn\u0119trznym - Targowa 3\",\"isPartOf\":{\"@id\":\"https:\/\/onyxdevelopment.pl\/targowa3\/#website\"},\"primaryImageOfPage\":{\"@id\":\"https:\/\/onyxdevelopment.pl\/targowa3\/ostatnie-szlify-w-zagospodarowaniu-zewnetrznym\/#primaryimage\"},\"image\":{\"@id\":\"https:\/\/onyxdevelopment.pl\/targowa3\/ostatnie-szlify-w-zagospodarowaniu-zewnetrznym\/#primaryimage\"},\"thumbnailUrl\":\"https:\/\/onyxdevelopment.pl\/targowa3\/wp-content\/uploads\/2020\/07\/4.png\",\"datePublished\":\"2020-06-30T15:08:40+00:00\",\"dateModified\":\"2020-07-29T15:09:28+00:00\",\"breadcrumb\":{\"@id\":\"https:\/\/onyxdevelopment.pl\/targowa3\/ostatnie-szlify-w-zagospodarowaniu-zewnetrznym\/#breadcrumb\"},\"inLanguage\":\"pl-PL\",\"potentialAction\":[{\"@type\":\"ReadAction\",\"target\":[\"https:\/\/onyxdevelopment.pl\/targowa3\/ostatnie-szlify-w-zagospodarowaniu-zewnetrznym\/\"]}]},{\"@type\":\"ImageObject\",\"inLanguage\":\"pl-PL\",\"@id\":\"https:\/\/onyxdevelopment.pl\/targowa3\/ostatnie-szlify-w-zagospodarowaniu-zewnetrznym\/#primaryimage\",\"url\":\"https:\/\/onyxdevelopment.pl\/targowa3\/wp-content\/uploads\/2020\/07\/4.png\",\"contentUrl\":\"https:\/\/onyxdevelopment.pl\/targowa3\/wp-content\/uploads\/2020\/07\/4.png\",\"width\":350,\"height\":350},{\"@type\":\"BreadcrumbList\",\"@id\":\"https:\/\/onyxdevelopment.pl\/targowa3\/ostatnie-szlify-w-zagospodarowaniu-zewnetrznym\/#breadcrumb\",\"itemListElement\":[{\"@type\":\"ListItem\",\"position\":1,\"name\":\"Strona g\u0142\u00f3wna\",\"item\":\"https:\/\/onyxdevelopment.pl\/targowa3\/\"},{\"@type\":\"ListItem\",\"position\":2,\"name\":\"Ostatnie szlify w zagospodarowaniu zewn\u0119trznym\"}]},{\"@type\":\"WebSite\",\"@id\":\"https:\/\/onyxdevelopment.pl\/targowa3\/#website\",\"url\":\"https:\/\/onyxdevelopment.pl\/targowa3\/\",\"name\":\"Targowa 3\",\"description\":\"ONYX Development\",\"publisher\":{\"@id\":\"https:\/\/onyxdevelopment.pl\/targowa3\/#organization\"},\"potentialAction\":[{\"@type\":\"SearchAction\",\"target\":{\"@type\":\"EntryPoint\",\"urlTemplate\":\"https:\/\/onyxdevelopment.pl\/targowa3\/?s={search_term_string}\"},\"query-input\":{\"@type\":\"PropertyValueSpecification\",\"valueRequired\":true,\"valueName\":\"search_term_string\"}}],\"inLanguage\":\"pl-PL\"},{\"@type\":\"Organization\",\"@id\":\"https:\/\/onyxdevelopment.pl\/targowa3\/#organization\",\"name\":\"Onyx Development\",\"url\":\"https:\/\/onyxdevelopment.pl\/targowa3\/\",\"logo\":{\"@type\":\"ImageObject\",\"inLanguage\":\"pl-PL\",\"@id\":\"https:\/\/onyxdevelopment.pl\/targowa3\/#\/schema\/logo\/image\/\",\"url\":\"https:\/\/onyxdevelopment.pl\/targowa3\/wp-content\/uploads\/2018\/08\/logo-or-big.jpg\",\"contentUrl\":\"https:\/\/onyxdevelopment.pl\/targowa3\/wp-content\/uploads\/2018\/08\/logo-or-big.jpg\",\"width\":1293,\"height\":496,\"caption\":\"Onyx Development\"},\"image\":{\"@id\":\"https:\/\/onyxdevelopment.pl\/targowa3\/#\/schema\/logo\/image\/\"},\"sameAs\":[\"https:\/\/www.facebook.com\/onyxdevelopment\/\"]},{\"@type\":\"Person\",\"@id\":\"https:\/\/onyxdevelopment.pl\/targowa3\/#\/schema\/person\/b230f4349882e0892f554d6c6203cf3a\",\"name\":\"Marcin Podmok\u0142y\",\"image\":{\"@type\":\"ImageObject\",\"inLanguage\":\"pl-PL\",\"@id\":\"https:\/\/onyxdevelopment.pl\/targowa3\/#\/schema\/person\/image\/\",\"url\":\"https:\/\/secure.gravatar.com\/avatar\/3b2b009b32b9c3b83f1533cd01de77d2?s=96&d=mm&r=g\",\"contentUrl\":\"https:\/\/secure.gravatar.com\/avatar\/3b2b009b32b9c3b83f1533cd01de77d2?s=96&d=mm&r=g\",\"caption\":\"Marcin Podmok\u0142y\"}}]}<\/script>\n<!-- \/ Yoast SEO plugin. -->","yoast_head_json":{"title":"Ostatnie szlify w zagospodarowaniu zewn\u0119trznym - Targowa 3","robots":{"index":"index","follow":"follow","max-snippet":"max-snippet:-1","max-image-preview":"max-image-preview:large","max-video-preview":"max-video-preview:-1"},"canonical":"https:\/\/onyxdevelopment.pl\/targowa3\/ostatnie-szlify-w-zagospodarowaniu-zewnetrznym\/","og_locale":"pl_PL","og_type":"article","og_title":"Ostatnie szlify w zagospodarowaniu zewn\u0119trznym - Targowa 3","og_description":"Zako\u0144czony zosta\u0142 etap nasadze\u0144 zieleni oraz wy\u0142o\u017cenia kamieniem ozdobnym przyleg\u0142ych stref. Postawili\u015bmy na kwitn\u0105ce ro\u015bliny wieloletnie, jak hortensje, hosty oraz sza\u0142wi\u0119. Ich uzupe\u0142nieniem sta\u0142y si\u0119 kuliste tuje, platany oraz \u015bwierki serbskie. Czekamy na pierwsze, kwitn\u0105ce jeszcze w tym sezonie, okazy. &nbsp;","og_url":"https:\/\/onyxdevelopment.pl\/targowa3\/ostatnie-szlify-w-zagospodarowaniu-zewnetrznym\/","og_site_name":"Targowa 3","article_publisher":"https:\/\/www.facebook.com\/onyxdevelopment\/","article_published_time":"2020-06-30T15:08:40+00:00","article_modified_time":"2020-07-29T15:09:28+00:00","og_image":[{"width":350,"height":350,"url":"https:\/\/onyxdevelopment.pl\/targowa3\/wp-content\/uploads\/2020\/07\/4.png","type":"image\/png"}],"author":"Marcin Podmok\u0142y","twitter_card":"summary_large_image","twitter_misc":{"Napisane przez":"Marcin Podmok\u0142y"},"schema":{"@context":"https:\/\/schema.org","@graph":[{"@type":"Article","@id":"https:\/\/onyxdevelopment.pl\/targowa3\/ostatnie-szlify-w-zagospodarowaniu-zewnetrznym\/#article","isPartOf":{"@id":"https:\/\/onyxdevelopment.pl\/targowa3\/ostatnie-szlify-w-zagospodarowaniu-zewnetrznym\/"},"author":{"name":"Marcin Podmok\u0142y","@id":"https:\/\/onyxdevelopment.pl\/targowa3\/#\/schema\/person\/b230f4349882e0892f554d6c6203cf3a"},"headline":"Ostatnie szlify w zagospodarowaniu zewn\u0119trznym","datePublished":"2020-06-30T15:08:40+00:00","dateModified":"2020-07-29T15:09:28+00:00","mainEntityOfPage":{"@id":"https:\/\/onyxdevelopment.pl\/targowa3\/ostatnie-szlify-w-zagospodarowaniu-zewnetrznym\/"},"wordCount":58,"publisher":{"@id":"https:\/\/onyxdevelopment.pl\/targowa3\/#organization"},"image":{"@id":"https:\/\/onyxdevelopment.pl\/targowa3\/ostatnie-szlify-w-zagospodarowaniu-zewnetrznym\/#primaryimage"},"thumbnailUrl":"https:\/\/onyxdevelopment.pl\/targowa3\/wp-content\/uploads\/2020\/07\/4.png","inLanguage":"pl-PL"},{"@type":"WebPage","@id":"https:\/\/onyxdevelopment.pl\/targowa3\/ostatnie-szlify-w-zagospodarowaniu-zewnetrznym\/","url":"https:\/\/onyxdevelopment.pl\/targowa3\/ostatnie-szlify-w-zagospodarowaniu-zewnetrznym\/","name":"Ostatnie szlify w zagospodarowaniu zewn\u0119trznym - Targowa 3","isPartOf":{"@id":"https:\/\/onyxdevelopment.pl\/targowa3\/#website"},"primaryImageOfPage":{"@id":"https:\/\/onyxdevelopment.pl\/targowa3\/ostatnie-szlify-w-zagospodarowaniu-zewnetrznym\/#primaryimage"},"image":{"@id":"https:\/\/onyxdevelopment.pl\/targowa3\/ostatnie-szlify-w-zagospodarowaniu-zewnetrznym\/#primaryimage"},"thumbnailUrl":"https:\/\/onyxdevelopment.pl\/targowa3\/wp-content\/uploads\/2020\/07\/4.png","datePublished":"2020-06-30T15:08:40+00:00","dateModified":"2020-07-29T15:09:28+00:00","breadcrumb":{"@id":"https:\/\/onyxdevelopment.pl\/targowa3\/ostatnie-szlify-w-zagospodarowaniu-zewnetrznym\/#breadcrumb"},"inLanguage":"pl-PL","potentialAction":[{"@type":"ReadAction","target":["https:\/\/onyxdevelopment.pl\/targowa3\/ostatnie-szlify-w-zagospodarowaniu-zewnetrznym\/"]}]},{"@type":"ImageObject","inLanguage":"pl-PL","@id":"https:\/\/onyxdevelopment.pl\/targowa3\/ostatnie-szlify-w-zagospodarowaniu-zewnetrznym\/#primaryimage","url":"https:\/\/onyxdevelopment.pl\/targowa3\/wp-content\/uploads\/2020\/07\/4.png","contentUrl":"https:\/\/onyxdevelopment.pl\/targowa3\/wp-content\/uploads\/2020\/07\/4.png","width":350,"height":350},{"@type":"BreadcrumbList","@id":"https:\/\/onyxdevelopment.pl\/targowa3\/ostatnie-szlify-w-zagospodarowaniu-zewnetrznym\/#breadcrumb","itemListElement":[{"@type":"ListItem","position":1,"name":"Strona g\u0142\u00f3wna","item":"https:\/\/onyxdevelopment.pl\/targowa3\/"},{"@type":"ListItem","position":2,"name":"Ostatnie szlify w zagospodarowaniu zewn\u0119trznym"}]},{"@type":"WebSite","@id":"https:\/\/onyxdevelopment.pl\/targowa3\/#website","url":"https:\/\/onyxdevelopment.pl\/targowa3\/","name":"Targowa 3","description":"ONYX Development","publisher":{"@id":"https:\/\/onyxdevelopment.pl\/targowa3\/#organization"},"potentialAction":[{"@type":"SearchAction","target":{"@type":"EntryPoint","urlTemplate":"https:\/\/onyxdevelopment.pl\/targowa3\/?s={search_term_string}"},"query-input":{"@type":"PropertyValueSpecification","valueRequired":true,"valueName":"search_term_string"}}],"inLanguage":"pl-PL"},{"@type":"Organization","@id":"https:\/\/onyxdevelopment.pl\/targowa3\/#organization","name":"Onyx Development","url":"https:\/\/onyxdevelopment.pl\/targowa3\/","logo":{"@type":"ImageObject","inLanguage":"pl-PL","@id":"https:\/\/onyxdevelopment.pl\/targowa3\/#\/schema\/logo\/image\/","url":"https:\/\/onyxdevelopment.pl\/targowa3\/wp-content\/uploads\/2018\/08\/logo-or-big.jpg","contentUrl":"https:\/\/onyxdevelopment.pl\/targowa3\/wp-content\/uploads\/2018\/08\/logo-or-big.jpg","width":1293,"height":496,"caption":"Onyx Development"},"image":{"@id":"https:\/\/onyxdevelopment.pl\/targowa3\/#\/schema\/logo\/image\/"},"sameAs":["https:\/\/www.facebook.com\/onyxdevelopment\/"]},{"@type":"Person","@id":"https:\/\/onyxdevelopment.pl\/targowa3\/#\/schema\/person\/b230f4349882e0892f554d6c6203cf3a","name":"Marcin Podmok\u0142y","image":{"@type":"ImageObject","inLanguage":"pl-PL","@id":"https:\/\/onyxdevelopment.pl\/targowa3\/#\/schema\/person\/image\/","url":"https:\/\/secure.gravatar.com\/avatar\/3b2b009b32b9c3b83f1533cd01de77d2?s=96&d=mm&r=g","contentUrl":"https:\/\/secure.gravatar.com\/avatar\/3b2b009b32b9c3b83f1533cd01de77d2?s=96&d=mm&r=g","caption":"Marcin Podmok\u0142y"}}]}},"_links":{"self":[{"href":"https:\/\/onyxdevelopment.pl\/targowa3\/wp-json\/wp\/v2\/posts\/777","targetHints":{"allow":["GET"]}}],"collection":[{"href":"https:\/\/onyxdevelopment.pl\/targowa3\/wp-json\/wp\/v2\/posts"}],"about":[{"href":"https:\/\/onyxdevelopment.pl\/targowa3\/wp-json\/wp\/v2\/types\/post"}],"author":[{"embeddable":true,"href":"https:\/\/onyxdevelopment.pl\/targowa3\/wp-json\/wp\/v2\/users\/2"}],"replies":[{"embeddable":true,"href":"https:\/\/onyxdevelopment.pl\/targowa3\/wp-json\/wp\/v2\/comments?post=777"}],"version-history":[{"count":1,"href":"https:\/\/onyxdevelopment.pl\/targowa3\/wp-json\/wp\/v2\/posts\/777\/revisions"}],"predecessor-version":[{"id":783,"href":"https:\/\/onyxdevelopment.pl\/targowa3\/wp-json\/wp\/v2\/posts\/777\/revisions\/783"}],"wp:featuredmedia":[{"embeddable":true,"href":"https:\/\/onyxdevelopment.pl\/targowa3\/wp-json\/wp\/v2\/media\/778"}],"wp:attachment":[{"href":"https:\/\/onyxdevelopment.pl\/targowa3\/wp-json\/wp\/v2\/media?parent=777"}],"wp:term":[{"taxonomy":"category","embeddable":true,"href":"https:\/\/onyxdevelopment.pl\/targowa3\/wp-json\/wp\/v2\/categories?post=777"},{"taxonomy":"post_tag","embeddable":true,"href":"https:\/\/onyxdevelopment.pl\/targowa3\/wp-json\/wp\/v2\/tags?post=777"}],"curies":[{"name":"wp","href":"https:\/\/api.w.org\/{rel}","templated":true}]}}